{"id":333,"date":"2018-08-22T23:26:20","date_gmt":"2018-08-22T21:26:20","guid":{"rendered":"https:\/\/ceciliaechenique.cl\/?p=333"},"modified":"2019-03-12T23:29:24","modified_gmt":"2019-03-12T22:29:24","slug":"la-orquesta-del-viento-tata-barahona-cecilia-echenique-y-mas-en-sala-master","status":"publish","type":"post","link":"https:\/\/ceciliaechenique.cl\/index.php\/2018\/08\/22\/la-orquesta-del-viento-tata-barahona-cecilia-echenique-y-mas-en-sala-master\/","title":{"rendered":"La Orquesta del Viento, Tata Barahona, Cecilia Echenique y m\u00e1s en Sala Master"},"content":{"rendered":"<p>El grupo que combina jazz e ilustraci\u00f3n abre este mi\u00e9rcoles una nueva semana de conciertos en el espacio de Radio Universidad de Chile.<!--more--><\/p>\n<p>Jazz e ilustraci\u00f3n en vivo es la f\u00f3rmula que conjuga La Orquesta del Viento, el grupo que este mi\u00e9rcoles abrir\u00e1 otra semana de conciertos en la Sala Master de Radio Universidad de Chile.<\/p>\n<p>Presentada por el programa Holojazz, la banda que lideran el guitarrista Raimundo Santander y la ilustradora Sol D\u00edaz actuar\u00e1n desde las 21:30 horas, como parte del ciclo Po\u00e9ticas de la M\u00fasica en Chile. La entrada es gratuita.<\/p>\n<p>El jueves 23 ser\u00e1 el turno de Tata Barahona, en el marco de los conciertos que organiza el programa El Z\u00f3calo Nacional. El cantautor, invitado habitual del espacio, se presentar\u00e1 desde las 21:30 horas en un concierto para el que las entradas tienen precios de $4.000 (preventa en zocaloproducciones@gmail.com) y $5.000.<\/p>\n<p>Para el viernes 24 est\u00e1 programada la presentaci\u00f3n de A d\u00fao, el nuevo disco de Cecilia Echenique, quien estar\u00e1 acompa\u00f1ada por Benjam\u00edn Walker, Paz Court y Denise Rosenthal. <\/p>\n<p>El s\u00e1bado 25, en tanto, el sello Batiendo Records presentar\u00e1 un concierto del quinteto funk rock San Ramatta y del cuarteto de pop rock \u00c9nfasis, que ser\u00e1 grabado para luego ser publicado como registro en vivo. Comenzar\u00e1 a las 20 horas, con entradas a $2.500 (preventa) y $3.000 (general).<\/p>\n<p>Finalmente, el domingo 26, el grupo Novedades Matutinas celebrar\u00e1 la edici\u00f3n en formato f\u00edsico de su disco Octopolar, publicado el a\u00f1o pasado. <\/p>\n<p>La Sala Master de Radio Universidad de Chile est\u00e1 ubicada en Miguel Claro 509, Providencia. <\/p>\n","protected":false},"excerpt":{"rendered":"<p>El grupo que combina jazz e ilustraci\u00f3n abre este mi\u00e9rcoles una nueva semana de conciertos en el espacio de Radio Universidad de Chile.<\/p>\n","protected":false},"author":1,"featured_media":334,"comment_status":"open","ping_status":"closed","sticky":false,"template":"","format":"standard","meta":{"footnotes":""},"categories":[5],"tags":[46,48,47],"_links":{"self":[{"href":"https:\/\/ceciliaechenique.cl\/index.php\/wp-json\/wp\/v2\/posts\/333"}],"collection":[{"href":"https:\/\/ceciliaechenique.cl\/index.php\/wp-json\/wp\/v2\/posts"}],"about":[{"href":"https:\/\/ceciliaechenique.cl\/index.php\/wp-json\/wp\/v2\/types\/post"}],"author":[{"embeddable":true,"href":"https:\/\/ceciliaechenique.cl\/index.php\/wp-json\/wp\/v2\/users\/1"}],"replies":[{"embeddable":true,"href":"https:\/\/ceciliaechenique.cl\/index.php\/wp-json\/wp\/v2\/comments?post=333"}],"version-history":[{"count":0,"href":"https:\/\/ceciliaechenique.cl\/index.php\/wp-json\/wp\/v2\/posts\/333\/revisions"}],"wp:featuredmedia":[{"embeddable":true,"href":"https:\/\/ceciliaechenique.cl\/index.php\/wp-json\/wp\/v2\/media\/334"}],"wp:attachment":[{"href":"https:\/\/ceciliaechenique.cl\/index.php\/wp-json\/wp\/v2\/media?parent=333"}],"wp:term":[{"taxonomy":"category","embeddable":true,"href":"https:\/\/ceciliaechenique.cl\/index.php\/wp-json\/wp\/v2\/categories?post=333"},{"taxonomy":"post_tag","embeddable":true,"href":"https:\/\/ceciliaechenique.cl\/index.php\/wp-json\/wp\/v2\/tags?post=333"}],"curies":[{"name":"wp","href":"https:\/\/api.w.org\/{rel}","templated":true}]}}